{"id":6801,"date":"2020-09-29T16:41:52","date_gmt":"2020-09-29T19:41:52","guid":{"rendered":"https:\/\/www.alpv.org.br\/wp\/?p=6801"},"modified":"2020-10-19T11:44:39","modified_gmt":"2020-10-19T13:44:39","slug":"alunos-de-escolas-publicas-ganham-livros-novinhos-de-presente","status":"publish","type":"post","link":"https:\/\/www.alpv.org.br\/wp\/alunos-de-escolas-publicas-ganham-livros-novinhos-de-presente\/","title":{"rendered":"Alunos de Escolas P\u00fablicas Ganham Livros Novinhos de Presente"},"content":{"rendered":"\n<p><\/p>\n\n\n\n<p class=\"has-text-align-right\"><strong><em>Elaborado por Rosa Crivilin e Jhuly Louren\u00e7o<\/em><\/strong><\/p>\n\n\n\n<p><\/p>\n\n\n\n<p>A leitura na inf\u00e2ncia \u00e9 extremamente importante, pois \u00e9 capaz de gerar sentimentos diversos (como alegria, curiosidade, amor, suspense etc), aumentar a criatividade e propiciar empatia. Al\u00e9m disso, ajuda a crian\u00e7a a perceber mel<strong>hor o seu eu e o mundo, despertando seu senso cr\u00edtico e permitindo a busca de solu\u00e7\u00f5es criativas para melhorar sua pr\u00f3pria vida.<\/strong><strong><\/strong><\/p>\n\n\n\n<p class=\"has-text-align-center has-white-color has-text-color has-background\" style=\"font-size:18px;background-color:#2d6e2f\"><strong>A nossa miss\u00e3o na ALPV \u00e9 semear o amor pela leitura na vida das crian\u00e7as, <br>permitindo que o conhecimento as guie para um futuro melhor.<\/strong><\/p>\n\n\n\n<p><\/p>\n\n\n\n<p><\/p>\n\n\n\n<h3 class=\"wp-block-heading\"><strong>Mas como uma crian\u00e7a pode amar a leitura se ela nunca ganhou um livro?<\/strong><\/h3>\n\n\n\n<p><strong>Infelizmente, muitas crian\u00e7as nunca ganharam um livro de presente em suas vidas, e por isso, n\u00e3o aprenderam que ler n\u00e3o \u00e9 apenas uma obriga\u00e7\u00e3o na escola, mas que principalmente pode e deve ser divertido!<\/strong><strong><\/strong><\/p>\n\n\n\n<p>Nosso principal projeto, aqui na ALPV, est\u00e1 estabelecido em duas etapas no \u00e2mbito da unidade escolar, em que: na <strong>primeira etapa <\/strong>tratamos da ades\u00e3o e entrega de livros novos a todos os alunos da escola e; na <strong>segunda etapa<\/strong> tratamos da &nbsp;execu\u00e7\u00e3o das atividades de monitoramento e avalia\u00e7\u00e3o dos resultados, ou seja, a avalia\u00e7\u00e3o do impacto no h\u00e1bito de leitura dos alunos beneficiados.<\/p>\n\n\n\n<p>Para cumprir as atividades da <strong>segunda etapa<\/strong> a equipe realiza uma <strong>Visita T\u00e9cnica<\/strong> \u00e0 escola, para verificar o envolvimento dos diversos atores (alunos, equipe pedag\u00f3gica, Dire\u00e7\u00e3o, professores e funcion\u00e1rios e respons\u00e1veis pelo aluno), para apreens\u00e3o de dados de resultados do Projeto, certo tempo ap\u00f3s a entrega dos livros na escola.<\/p>\n\n\n\n<figure class=\"wp-block-image size-large\"><img loading=\"lazy\" decoding=\"async\" width=\"1024\" height=\"576\" src=\"https:\/\/www.alpv.org.br\/wp\/wp-content\/uploads\/2020\/09\/videocapture_20200803-231631-1024x576.jpg\" alt=\"\" class=\"wp-image-6805\" srcset=\"https:\/\/www.alpv.org.br\/wp\/wp-content\/uploads\/2020\/09\/videocapture_20200803-231631-1024x576.jpg 1024w, https:\/\/www.alpv.org.br\/wp\/wp-content\/uploads\/2020\/09\/videocapture_20200803-231631-980x551.jpg 980w, https:\/\/www.alpv.org.br\/wp\/wp-content\/uploads\/2020\/09\/videocapture_20200803-231631-480x270.jpg 480w\" sizes=\"(min-width: 0px) and (max-width: 480px) 480px, (min-width: 481px) and (max-width: 980px) 980px, (min-width: 981px) 1024px, 100vw\" \/><figcaption>Foto Visita T\u00e9cnica <strong>Escola EMEF Ronaldo Soares- Vit\u00f3ria\/ES<\/strong><\/figcaption><\/figure>\n\n\n\n<p><\/p>\n\n\n\n<p><\/p>\n\n\n\n<p>S\u00e3o diversos os dados coletados, aferidos e analisados durante o processo e, neste artigo, daremos aten\u00e7\u00e3o a dois deles:<\/p>\n\n\n\n<ul class=\"wp-block-list\"><li><strong>O aluno j\u00e1 havia ganhado livros de presente?<\/strong><strong><\/strong><\/li><li><strong>Qual foi o sentimento geral do aluno ao receber os livros de presente?<\/strong><\/li><\/ul>\n\n\n\n<p>\u00c9 bem impactante o resultado obtido em rela\u00e7\u00e3o \u00e0 quest\u00e3o <strong>\u201c<u>se o aluno j\u00e1 havia ganhado livros de presente<\/u>\u201d<\/strong>, em que:<\/p>\n\n\n\n<ul class=\"wp-block-list\"><li>49% responderam que <em>nunca tinha ganhado livros de presente<\/em> e;<\/li><li>35% <em>j\u00e1 haviam ganhado<\/em> (16% n\u00e3o responderam).<\/li><\/ul>\n\n\n\n<p>O sentimento geral em rela\u00e7\u00e3o ao ganhar livros de presente foi maravilhoso:<\/p>\n\n\n\n<ul class=\"wp-block-list\"><li>82% alunos registraram que <strong>gostariam de ganhar mais livros<\/strong> de presente.<\/li><\/ul>\n\n\n\n<div class=\"wp-block-image\"><figure class=\"aligncenter size-full is-resized\"><img loading=\"lazy\" decoding=\"async\" src=\"https:\/\/www.alpv.org.br\/wp\/wp-content\/uploads\/2020\/09\/img_0192.jpg\" alt=\"\" class=\"wp-image-6811\" width=\"488\" height=\"390\" srcset=\"https:\/\/www.alpv.org.br\/wp\/wp-content\/uploads\/2020\/09\/img_0192.jpg 488w, https:\/\/www.alpv.org.br\/wp\/wp-content\/uploads\/2020\/09\/img_0192-480x383.jpg 480w\" sizes=\"(min-width: 0px) and (max-width: 480px) 480px, (min-width: 481px) 488px, 100vw\" \/><figcaption><strong>Fonte: Question\u00e1rio do Aluno Escola EMEF Ronaldo Soares- Vit\u00f3ria\/ES<\/strong>)<\/figcaption><\/figure><\/div>\n\n\n\n<div class=\"wp-block-image\"><figure class=\"aligncenter size-large is-resized\"><img loading=\"lazy\" decoding=\"async\" src=\"https:\/\/www.alpv.org.br\/wp\/wp-content\/uploads\/2020\/09\/img_0193.jpg\" alt=\"\" class=\"wp-image-6810\" width=\"486\" height=\"304\" srcset=\"https:\/\/www.alpv.org.br\/wp\/wp-content\/uploads\/2020\/09\/img_0193.jpg 486w, https:\/\/www.alpv.org.br\/wp\/wp-content\/uploads\/2020\/09\/img_0193-480x301.jpg 480w\" sizes=\"(min-width: 0px) and (max-width: 480px) 480px, (min-width: 481px) 486px, 100vw\" \/><figcaption><strong>Fonte: Question\u00e1rio do Aluno Escola EMEF Ronaldo Soares- Vit\u00f3ria\/ES<\/strong>)<\/figcaption><\/figure><\/div>\n\n\n\n<p><\/p>\n\n\n\n<p>A realidade no pa\u00eds ficou estampada no fato de que <strong>quase a metade dos alunos respondentes NUNCA terem ganhado livros<\/strong>, o que demonstra a enorme car\u00eancia de incentivo \u00e0 leitura na vida de grande parte dos alunos das escolas p\u00fablicas do Brasil.<\/p>\n\n\n\n<p>\u00c9 em fun\u00e7\u00e3o de n\u00fameros dif\u00edceis como este, que nos dedicamos \u00e0 Causa da Leitura no Brasil e quando percebemos a enorme diferen\u00e7a na vida dos alunos que a Leitura Liter\u00e1ria propicia, que crescemos na certeza de estarmos no caminho certo!<\/p>\n\n\n\n<p><strong>Semear o Amor pela Leitura Funciona!<\/strong><\/p>\n\n\n\n<figure class=\"wp-block-image size-large\"><img loading=\"lazy\" decoding=\"async\" width=\"1024\" height=\"577\" src=\"https:\/\/www.alpv.org.br\/wp\/wp-content\/uploads\/2020\/09\/img_0191-1024x577.jpg\" alt=\"\" class=\"wp-image-6807\" srcset=\"https:\/\/www.alpv.org.br\/wp\/wp-content\/uploads\/2020\/09\/img_0191-1024x577.jpg 1024w, https:\/\/www.alpv.org.br\/wp\/wp-content\/uploads\/2020\/09\/img_0191-980x552.jpg 980w, https:\/\/www.alpv.org.br\/wp\/wp-content\/uploads\/2020\/09\/img_0191-480x270.jpg 480w\" sizes=\"(min-width: 0px) and (max-width: 480px) 480px, (min-width: 481px) and (max-width: 980px) 980px, (min-width: 981px) 1024px, 100vw\" \/><figcaption>Foto dia da entrega dos Livros <strong>Escola EMEF Ronaldo Soares- Vit\u00f3ria\/ES<\/strong>)<\/figcaption><\/figure>\n\n\n\n<p><\/p>\n\n\n\n<p>Vejamos, portanto, em maior detalhe a quest\u00e3o do \u201c<strong><u>sentimento que os alunos tiveram ao ganhar os livros de presente<\/u><\/strong>\u201d:<\/p>\n\n\n\n<div class=\"wp-block-image\"><figure class=\"aligncenter size-large is-resized\"><img loading=\"lazy\" decoding=\"async\" src=\"https:\/\/www.alpv.org.br\/wp\/wp-content\/uploads\/2020\/09\/img_0194-1024x496.jpg\" alt=\"\" class=\"wp-image-6812\" width=\"768\" height=\"372\"\/><figcaption><strong>Fonte: Question\u00e1rio do Aluno Escola EMEF Ronaldo Soares- Vit\u00f3ria\/ES<\/strong>)<\/figcaption><\/figure><\/div>\n\n\n\n<p><\/p>\n\n\n\n<p>Este conjunto de sentimentos colocados pelos alunos entrevistados demonstra o bom resultado que o Programa 1BOOK4LIFE deixa na vida daqueles que recebem os livros de presentes.<\/p>\n\n\n\n<p>Podemos observar que 100% dos alunos que responderam \u00e0 quest\u00e3o, disseram que tiveram sentimentos positivos.<\/p>\n\n\n\n<p>A semente do amor pela leitura est\u00e1 sendo plantada e j\u00e1 come\u00e7a a dar frutos!<\/p>\n\n\n\n<h4 class=\"wp-block-heading\">Vem com a gente <strong>semear esta paix\u00e3o pelos livros<\/strong> junto a mais e mais alunos? Queremos contar com seu apoio.<\/h4>\n\n\n\n<p><\/p>\n\n\n\n<div class=\"wp-block-button is-style-fill\"><a class=\"wp-block-button__link has-very-light-gray-color has-text-color has-background\" href=\"https:\/\/www.alpv.org.br\/wp\/doacao-mensal\/\" style=\"background-color:#1ab27a\" target=\"_blank\" rel=\"noreferrer noopener\"><strong>Doe Agora e Ajude mais Alunos a se Apaixonarem pela Leitura!<\/strong><\/a><\/div>\n\n\n\n<p><\/p>\n\n\n\n<p><\/p>\n\n\n\n<p><\/p>\n\n\n\n<p><\/p>\n\n\n\n<p><\/p>\n<!-- AddThis Advanced Settings generic via filter on the_content --><!-- AddThis Share Buttons generic via filter on the_content --><span class=\"et_bloom_bottom_trigger\"><\/span>","protected":false},"excerpt":{"rendered":"<p>A leitura na inf\u00e2ncia \u00e9 extremamente importante, pois \u00e9 capaz de gerar sentimentos diversos (como alegria, curiosidade, amor, suspense etc), aumentar a criatividade e propiciar empatia. Al\u00e9m disso, ajuda a crian\u00e7a a perceber melhor o seu eu e o mundo, despertando seu senso cr\u00edtico e permitindo a busca de solu\u00e7\u00f5es criativas para melhorar sua pr\u00f3pria vida.<!-- AddThis Advanced Settings generic via filter on get_the_excerpt --><!-- AddThis Share Buttons generic via filter on get_the_excerpt --><\/p>\n","protected":false},"author":5,"featured_media":6807,"comment_status":"open","ping_status":"open","sticky":false,"template":"","format":"standard","meta":{"_et_pb_use_builder":"off","_et_pb_old_content":"","_et_gb_content_width":"","footnotes":""},"categories":[34],"tags":[63,35,78,41,77],"class_list":["post-6801","post","type-post","status-publish","format-standard","has-post-thumbnail","hentry","category-blog","tag-leitura-na-infancia","tag-livros","tag-programa-1book4life","tag-projetos","tag-resultados"],"yoast_head":"<!-- This site is optimized with the Yoast SEO plugin v27.5 - https:\/\/yoast.com\/product\/yoast-seo-wordpress\/ -->\n<title>Alunos de Escolas P\u00fablicas Ganham Livros Novinhos de Presente - ALPV - Associa\u00e7\u00e3o Livros Para Vida<\/title>\n<meta name=\"description\" content=\"Alunos de Escolas P\u00fablicas Ganham Livros Novinhos de Presente\" \/>\n<meta name=\"robots\" content=\"index, follow, max-snippet:-1, max-image-preview:large, max-video-preview:-1\" \/>\n<link rel=\"canonical\" href=\"https:\/\/www.alpv.org.br\/wp\/alunos-de-escolas-publicas-ganham-livros-novinhos-de-presente\/\" \/>\n<meta property=\"og:locale\" content=\"pt_BR\" \/>\n<meta property=\"og:type\" content=\"article\" \/>\n<meta property=\"og:title\" content=\"Alunos de Escolas P\u00fablicas Ganham Livros Novinhos de Presente - ALPV - Associa\u00e7\u00e3o Livros Para Vida\" \/>\n<meta property=\"og:description\" content=\"Alunos de Escolas P\u00fablicas Ganham Livros Novinhos de Presente\" \/>\n<meta property=\"og:url\" content=\"https:\/\/www.alpv.org.br\/wp\/alunos-de-escolas-publicas-ganham-livros-novinhos-de-presente\/\" \/>\n<meta property=\"og:site_name\" content=\"ALPV - Associa\u00e7\u00e3o Livros Para Vida\" \/>\n<meta property=\"article:publisher\" content=\"https:\/\/facebook.com\/alpvbrasil\" \/>\n<meta property=\"article:published_time\" content=\"2020-09-29T19:41:52+00:00\" \/>\n<meta property=\"article:modified_time\" content=\"2020-10-19T13:44:39+00:00\" \/>\n<meta property=\"og:image\" content=\"https:\/\/i0.wp.com\/www.alpv.org.br\/wp\/wp-content\/uploads\/2020\/09\/img_0191.jpg?fit=1200%2C676&ssl=1\" \/>\n\t<meta property=\"og:image:width\" content=\"1200\" \/>\n\t<meta property=\"og:image:height\" content=\"676\" \/>\n\t<meta property=\"og:image:type\" content=\"image\/jpeg\" \/>\n<meta name=\"author\" content=\"Rosa Maria Crivilin&nbsp;e&nbsp;Jhuly Louren\u00e7o P. dos Reis\" \/>\n<meta name=\"twitter:card\" content=\"summary_large_image\" \/>\n<meta name=\"twitter:creator\" content=\"@1book4life\" \/>\n<meta name=\"twitter:site\" content=\"@1book4life\" \/>\n<meta name=\"twitter:label1\" content=\"Escrito por\" \/>\n\t<meta name=\"twitter:data1\" content=\"Rosa Maria Crivilin&nbsp;e&nbsp;Jhuly Louren\u00e7o P. dos Reis\" \/>\n\t<meta name=\"twitter:label2\" content=\"Est. tempo de leitura\" \/>\n\t<meta name=\"twitter:data2\" content=\"3 minutos\" \/>\n<script type=\"application\/ld+json\" class=\"yoast-schema-graph\">{\"@context\":\"https:\\\/\\\/schema.org\",\"@graph\":[{\"@type\":\"Article\",\"@id\":\"https:\\\/\\\/www.alpv.org.br\\\/wp\\\/alunos-de-escolas-publicas-ganham-livros-novinhos-de-presente\\\/#article\",\"isPartOf\":{\"@id\":\"https:\\\/\\\/www.alpv.org.br\\\/wp\\\/alunos-de-escolas-publicas-ganham-livros-novinhos-de-presente\\\/\"},\"author\":{\"name\":\"Rosa Maria Crivilin&nbsp;e&nbsp;Jhuly Louren\u00e7o P. dos Reis\",\"@id\":\"https:\\\/\\\/www.alpv.org.br\\\/wp\\\/#\\\/schema\\\/person\\\/b96c56a9786978854f3d1476d78ccdae\"},\"headline\":\"Alunos de Escolas P\u00fablicas Ganham Livros Novinhos de Presente\",\"datePublished\":\"2020-09-29T19:41:52+00:00\",\"dateModified\":\"2020-10-19T13:44:39+00:00\",\"mainEntityOfPage\":{\"@id\":\"https:\\\/\\\/www.alpv.org.br\\\/wp\\\/alunos-de-escolas-publicas-ganham-livros-novinhos-de-presente\\\/\"},\"wordCount\":634,\"commentCount\":0,\"publisher\":{\"@id\":\"https:\\\/\\\/www.alpv.org.br\\\/wp\\\/#organization\"},\"image\":{\"@id\":\"https:\\\/\\\/www.alpv.org.br\\\/wp\\\/alunos-de-escolas-publicas-ganham-livros-novinhos-de-presente\\\/#primaryimage\"},\"thumbnailUrl\":\"https:\\\/\\\/www.alpv.org.br\\\/wp\\\/wp-content\\\/uploads\\\/2020\\\/09\\\/img_0191.jpg\",\"keywords\":[\"Leitura na inf\u00e2ncia\",\"livros\",\"Programa 1BOOK4LIFE\",\"Projetos\",\"Resultados\"],\"articleSection\":[\"Blog\"],\"inLanguage\":\"pt-BR\",\"potentialAction\":[{\"@type\":\"CommentAction\",\"name\":\"Comment\",\"target\":[\"https:\\\/\\\/www.alpv.org.br\\\/wp\\\/alunos-de-escolas-publicas-ganham-livros-novinhos-de-presente\\\/#respond\"]}]},{\"@type\":\"WebPage\",\"@id\":\"https:\\\/\\\/www.alpv.org.br\\\/wp\\\/alunos-de-escolas-publicas-ganham-livros-novinhos-de-presente\\\/\",\"url\":\"https:\\\/\\\/www.alpv.org.br\\\/wp\\\/alunos-de-escolas-publicas-ganham-livros-novinhos-de-presente\\\/\",\"name\":\"Alunos de Escolas P\u00fablicas Ganham Livros Novinhos de Presente - ALPV - Associa\u00e7\u00e3o Livros Para Vida\",\"isPartOf\":{\"@id\":\"https:\\\/\\\/www.alpv.org.br\\\/wp\\\/#website\"},\"primaryImageOfPage\":{\"@id\":\"https:\\\/\\\/www.alpv.org.br\\\/wp\\\/alunos-de-escolas-publicas-ganham-livros-novinhos-de-presente\\\/#primaryimage\"},\"image\":{\"@id\":\"https:\\\/\\\/www.alpv.org.br\\\/wp\\\/alunos-de-escolas-publicas-ganham-livros-novinhos-de-presente\\\/#primaryimage\"},\"thumbnailUrl\":\"https:\\\/\\\/www.alpv.org.br\\\/wp\\\/wp-content\\\/uploads\\\/2020\\\/09\\\/img_0191.jpg\",\"datePublished\":\"2020-09-29T19:41:52+00:00\",\"dateModified\":\"2020-10-19T13:44:39+00:00\",\"description\":\"Alunos de Escolas P\u00fablicas Ganham Livros Novinhos de Presente\",\"breadcrumb\":{\"@id\":\"https:\\\/\\\/www.alpv.org.br\\\/wp\\\/alunos-de-escolas-publicas-ganham-livros-novinhos-de-presente\\\/#breadcrumb\"},\"inLanguage\":\"pt-BR\",\"potentialAction\":[{\"@type\":\"ReadAction\",\"target\":[\"https:\\\/\\\/www.alpv.org.br\\\/wp\\\/alunos-de-escolas-publicas-ganham-livros-novinhos-de-presente\\\/\"]}]},{\"@type\":\"ImageObject\",\"inLanguage\":\"pt-BR\",\"@id\":\"https:\\\/\\\/www.alpv.org.br\\\/wp\\\/alunos-de-escolas-publicas-ganham-livros-novinhos-de-presente\\\/#primaryimage\",\"url\":\"https:\\\/\\\/www.alpv.org.br\\\/wp\\\/wp-content\\\/uploads\\\/2020\\\/09\\\/img_0191.jpg\",\"contentUrl\":\"https:\\\/\\\/www.alpv.org.br\\\/wp\\\/wp-content\\\/uploads\\\/2020\\\/09\\\/img_0191.jpg\",\"width\":1200,\"height\":676},{\"@type\":\"BreadcrumbList\",\"@id\":\"https:\\\/\\\/www.alpv.org.br\\\/wp\\\/alunos-de-escolas-publicas-ganham-livros-novinhos-de-presente\\\/#breadcrumb\",\"itemListElement\":[{\"@type\":\"ListItem\",\"position\":1,\"name\":\"In\u00edcio\",\"item\":\"https:\\\/\\\/www.alpv.org.br\\\/wp\\\/\"},{\"@type\":\"ListItem\",\"position\":2,\"name\":\"Alunos de Escolas P\u00fablicas Ganham Livros Novinhos de Presente\"}]},{\"@type\":\"WebSite\",\"@id\":\"https:\\\/\\\/www.alpv.org.br\\\/wp\\\/#website\",\"url\":\"https:\\\/\\\/www.alpv.org.br\\\/wp\\\/\",\"name\":\"ALPV - Associa\u00e7\u00e3o Livros Para Vida\",\"description\":\"Despertando e REdespertando o Amor pela Leitura\",\"publisher\":{\"@id\":\"https:\\\/\\\/www.alpv.org.br\\\/wp\\\/#organization\"},\"potentialAction\":[{\"@type\":\"SearchAction\",\"target\":{\"@type\":\"EntryPoint\",\"urlTemplate\":\"https:\\\/\\\/www.alpv.org.br\\\/wp\\\/?s={search_term_string}\"},\"query-input\":{\"@type\":\"PropertyValueSpecification\",\"valueRequired\":true,\"valueName\":\"search_term_string\"}}],\"inLanguage\":\"pt-BR\"},{\"@type\":\"Organization\",\"@id\":\"https:\\\/\\\/www.alpv.org.br\\\/wp\\\/#organization\",\"name\":\"ALPV - Associa\u00e7\u00e3o Livros Para Vida\",\"url\":\"https:\\\/\\\/www.alpv.org.br\\\/wp\\\/\",\"logo\":{\"@type\":\"ImageObject\",\"inLanguage\":\"pt-BR\",\"@id\":\"https:\\\/\\\/www.alpv.org.br\\\/wp\\\/#\\\/schema\\\/logo\\\/image\\\/\",\"url\":\"https:\\\/\\\/i0.wp.com\\\/www.alpv.org.br\\\/wp\\\/wp-content\\\/uploads\\\/2019\\\/04\\\/cropped-ALPV_logo_final_512-3.png?fit=512%2C512&ssl=1\",\"contentUrl\":\"https:\\\/\\\/i0.wp.com\\\/www.alpv.org.br\\\/wp\\\/wp-content\\\/uploads\\\/2019\\\/04\\\/cropped-ALPV_logo_final_512-3.png?fit=512%2C512&ssl=1\",\"width\":512,\"height\":512,\"caption\":\"ALPV - Associa\u00e7\u00e3o Livros Para Vida\"},\"image\":{\"@id\":\"https:\\\/\\\/www.alpv.org.br\\\/wp\\\/#\\\/schema\\\/logo\\\/image\\\/\"},\"sameAs\":[\"https:\\\/\\\/facebook.com\\\/alpvbrasil\",\"https:\\\/\\\/x.com\\\/1book4life\",\"https:\\\/\\\/instagram.com\\\/ALPV.org.br\"]},[{\"@type\":[\"Person\"],\"@id\":\"https:\\\/\\\/www.alpv.org.br\\\/wp\\\/#\\\/schema\\\/person\\\/b96c56a9786978854f3d1476d78ccdae\",\"name\":\"Rosa Maria Crivilin\",\"image\":{\"@type\":\"ImageObject\",\"@id\":\"https:\\\/\\\/www.alpv.org.br\\\/wp\\\/wp-content\\\/uploads\\\/2020\\\/09\\\/4f4014f9-e58d-4c21-9757-aa8e24e9e772.jpg\",\"inLanguage\":\"pt_BR\",\"url\":\"https:\\\/\\\/www.alpv.org.br\\\/wp\\\/wp-content\\\/uploads\\\/2020\\\/09\\\/4f4014f9-e58d-4c21-9757-aa8e24e9e772.jpg\",\"caption\":\"Rosa Maria Crivilin\"}},{\"@type\":[\"Person\"],\"@id\":\"https:\\\/\\\/www.alpv.org.br\\\/wp\\\/#\\\/schema\\\/person\\\/b96c56a9786978854f3d1476d78ccdae\",\"name\":\"Jhuly Louren\u00e7o P. dos Reis\",\"image\":{\"@type\":\"ImageObject\",\"@id\":\"https:\\\/\\\/www.alpv.org.br\\\/wp\\\/wp-content\\\/uploads\\\/2020\\\/09\\\/4f4014f9-e58d-4c21-9757-aa8e24e9e772.jpg\",\"inLanguage\":\"pt_BR\",\"url\":\"https:\\\/\\\/www.alpv.org.br\\\/wp\\\/wp-content\\\/uploads\\\/2020\\\/09\\\/c39a966d-b536-4535-82b8-2a370ef6c500.jpg\",\"caption\":\"Jhuly Louren\u00e7o P. dos Reis\"}}]]}<\/script>\n<!-- \/ Yoast SEO plugin. -->","yoast_head_json":{"title":"Alunos de Escolas P\u00fablicas Ganham Livros Novinhos de Presente - ALPV - Associa\u00e7\u00e3o Livros Para Vida","description":"Alunos de Escolas P\u00fablicas Ganham Livros Novinhos de Presente","robots":{"index":"index","follow":"follow","max-snippet":"max-snippet:-1","max-image-preview":"max-image-preview:large","max-video-preview":"max-video-preview:-1"},"canonical":"https:\/\/www.alpv.org.br\/wp\/alunos-de-escolas-publicas-ganham-livros-novinhos-de-presente\/","og_locale":"pt_BR","og_type":"article","og_title":"Alunos de Escolas P\u00fablicas Ganham Livros Novinhos de Presente - ALPV - Associa\u00e7\u00e3o Livros Para Vida","og_description":"Alunos de Escolas P\u00fablicas Ganham Livros Novinhos de Presente","og_url":"https:\/\/www.alpv.org.br\/wp\/alunos-de-escolas-publicas-ganham-livros-novinhos-de-presente\/","og_site_name":"ALPV - Associa\u00e7\u00e3o Livros Para Vida","article_publisher":"https:\/\/facebook.com\/alpvbrasil","article_published_time":"2020-09-29T19:41:52+00:00","article_modified_time":"2020-10-19T13:44:39+00:00","og_image":[{"width":1200,"height":676,"url":"https:\/\/i0.wp.com\/www.alpv.org.br\/wp\/wp-content\/uploads\/2020\/09\/img_0191.jpg?fit=1200%2C676&ssl=1","type":"image\/jpeg"}],"author":"Rosa Maria Crivilin&nbsp;e&nbsp;Jhuly Louren\u00e7o P. dos Reis","twitter_card":"summary_large_image","twitter_creator":"@1book4life","twitter_site":"@1book4life","twitter_misc":{"Escrito por":"Rosa Maria Crivilin&nbsp;e&nbsp;Jhuly Louren\u00e7o P. dos Reis","Est. tempo de leitura":"3 minutos"},"schema":{"@context":"https:\/\/schema.org","@graph":[{"@type":"Article","@id":"https:\/\/www.alpv.org.br\/wp\/alunos-de-escolas-publicas-ganham-livros-novinhos-de-presente\/#article","isPartOf":{"@id":"https:\/\/www.alpv.org.br\/wp\/alunos-de-escolas-publicas-ganham-livros-novinhos-de-presente\/"},"author":{"name":"Rosa Maria Crivilin&nbsp;e&nbsp;Jhuly Louren\u00e7o P. dos Reis","@id":"https:\/\/www.alpv.org.br\/wp\/#\/schema\/person\/b96c56a9786978854f3d1476d78ccdae"},"headline":"Alunos de Escolas P\u00fablicas Ganham Livros Novinhos de Presente","datePublished":"2020-09-29T19:41:52+00:00","dateModified":"2020-10-19T13:44:39+00:00","mainEntityOfPage":{"@id":"https:\/\/www.alpv.org.br\/wp\/alunos-de-escolas-publicas-ganham-livros-novinhos-de-presente\/"},"wordCount":634,"commentCount":0,"publisher":{"@id":"https:\/\/www.alpv.org.br\/wp\/#organization"},"image":{"@id":"https:\/\/www.alpv.org.br\/wp\/alunos-de-escolas-publicas-ganham-livros-novinhos-de-presente\/#primaryimage"},"thumbnailUrl":"https:\/\/www.alpv.org.br\/wp\/wp-content\/uploads\/2020\/09\/img_0191.jpg","keywords":["Leitura na inf\u00e2ncia","livros","Programa 1BOOK4LIFE","Projetos","Resultados"],"articleSection":["Blog"],"inLanguage":"pt-BR","potentialAction":[{"@type":"CommentAction","name":"Comment","target":["https:\/\/www.alpv.org.br\/wp\/alunos-de-escolas-publicas-ganham-livros-novinhos-de-presente\/#respond"]}]},{"@type":"WebPage","@id":"https:\/\/www.alpv.org.br\/wp\/alunos-de-escolas-publicas-ganham-livros-novinhos-de-presente\/","url":"https:\/\/www.alpv.org.br\/wp\/alunos-de-escolas-publicas-ganham-livros-novinhos-de-presente\/","name":"Alunos de Escolas P\u00fablicas Ganham Livros Novinhos de Presente - ALPV - Associa\u00e7\u00e3o Livros Para Vida","isPartOf":{"@id":"https:\/\/www.alpv.org.br\/wp\/#website"},"primaryImageOfPage":{"@id":"https:\/\/www.alpv.org.br\/wp\/alunos-de-escolas-publicas-ganham-livros-novinhos-de-presente\/#primaryimage"},"image":{"@id":"https:\/\/www.alpv.org.br\/wp\/alunos-de-escolas-publicas-ganham-livros-novinhos-de-presente\/#primaryimage"},"thumbnailUrl":"https:\/\/www.alpv.org.br\/wp\/wp-content\/uploads\/2020\/09\/img_0191.jpg","datePublished":"2020-09-29T19:41:52+00:00","dateModified":"2020-10-19T13:44:39+00:00","description":"Alunos de Escolas P\u00fablicas Ganham Livros Novinhos de Presente","breadcrumb":{"@id":"https:\/\/www.alpv.org.br\/wp\/alunos-de-escolas-publicas-ganham-livros-novinhos-de-presente\/#breadcrumb"},"inLanguage":"pt-BR","potentialAction":[{"@type":"ReadAction","target":["https:\/\/www.alpv.org.br\/wp\/alunos-de-escolas-publicas-ganham-livros-novinhos-de-presente\/"]}]},{"@type":"ImageObject","inLanguage":"pt-BR","@id":"https:\/\/www.alpv.org.br\/wp\/alunos-de-escolas-publicas-ganham-livros-novinhos-de-presente\/#primaryimage","url":"https:\/\/www.alpv.org.br\/wp\/wp-content\/uploads\/2020\/09\/img_0191.jpg","contentUrl":"https:\/\/www.alpv.org.br\/wp\/wp-content\/uploads\/2020\/09\/img_0191.jpg","width":1200,"height":676},{"@type":"BreadcrumbList","@id":"https:\/\/www.alpv.org.br\/wp\/alunos-de-escolas-publicas-ganham-livros-novinhos-de-presente\/#breadcrumb","itemListElement":[{"@type":"ListItem","position":1,"name":"In\u00edcio","item":"https:\/\/www.alpv.org.br\/wp\/"},{"@type":"ListItem","position":2,"name":"Alunos de Escolas P\u00fablicas Ganham Livros Novinhos de Presente"}]},{"@type":"WebSite","@id":"https:\/\/www.alpv.org.br\/wp\/#website","url":"https:\/\/www.alpv.org.br\/wp\/","name":"ALPV - Associa\u00e7\u00e3o Livros Para Vida","description":"Despertando e REdespertando o Amor pela Leitura","publisher":{"@id":"https:\/\/www.alpv.org.br\/wp\/#organization"},"potentialAction":[{"@type":"SearchAction","target":{"@type":"EntryPoint","urlTemplate":"https:\/\/www.alpv.org.br\/wp\/?s={search_term_string}"},"query-input":{"@type":"PropertyValueSpecification","valueRequired":true,"valueName":"search_term_string"}}],"inLanguage":"pt-BR"},{"@type":"Organization","@id":"https:\/\/www.alpv.org.br\/wp\/#organization","name":"ALPV - Associa\u00e7\u00e3o Livros Para Vida","url":"https:\/\/www.alpv.org.br\/wp\/","logo":{"@type":"ImageObject","inLanguage":"pt-BR","@id":"https:\/\/www.alpv.org.br\/wp\/#\/schema\/logo\/image\/","url":"https:\/\/i0.wp.com\/www.alpv.org.br\/wp\/wp-content\/uploads\/2019\/04\/cropped-ALPV_logo_final_512-3.png?fit=512%2C512&ssl=1","contentUrl":"https:\/\/i0.wp.com\/www.alpv.org.br\/wp\/wp-content\/uploads\/2019\/04\/cropped-ALPV_logo_final_512-3.png?fit=512%2C512&ssl=1","width":512,"height":512,"caption":"ALPV - Associa\u00e7\u00e3o Livros Para Vida"},"image":{"@id":"https:\/\/www.alpv.org.br\/wp\/#\/schema\/logo\/image\/"},"sameAs":["https:\/\/facebook.com\/alpvbrasil","https:\/\/x.com\/1book4life","https:\/\/instagram.com\/ALPV.org.br"]},[{"@type":["Person"],"@id":"https:\/\/www.alpv.org.br\/wp\/#\/schema\/person\/b96c56a9786978854f3d1476d78ccdae","name":"Rosa Maria Crivilin","image":{"@type":"ImageObject","@id":"https:\/\/www.alpv.org.br\/wp\/wp-content\/uploads\/2020\/09\/4f4014f9-e58d-4c21-9757-aa8e24e9e772.jpg","inLanguage":"pt_BR","url":"https:\/\/www.alpv.org.br\/wp\/wp-content\/uploads\/2020\/09\/4f4014f9-e58d-4c21-9757-aa8e24e9e772.jpg","caption":"Rosa Maria Crivilin"}},{"@type":["Person"],"@id":"https:\/\/www.alpv.org.br\/wp\/#\/schema\/person\/b96c56a9786978854f3d1476d78ccdae","name":"Jhuly Louren\u00e7o P. dos Reis","image":{"@type":"ImageObject","@id":"https:\/\/www.alpv.org.br\/wp\/wp-content\/uploads\/2020\/09\/4f4014f9-e58d-4c21-9757-aa8e24e9e772.jpg","inLanguage":"pt_BR","url":"https:\/\/www.alpv.org.br\/wp\/wp-content\/uploads\/2020\/09\/c39a966d-b536-4535-82b8-2a370ef6c500.jpg","caption":"Jhuly Louren\u00e7o P. dos Reis"}}]]}},"_links":{"self":[{"href":"https:\/\/www.alpv.org.br\/wp\/wp-json\/wp\/v2\/posts\/6801","targetHints":{"allow":["GET"]}}],"collection":[{"href":"https:\/\/www.alpv.org.br\/wp\/wp-json\/wp\/v2\/posts"}],"about":[{"href":"https:\/\/www.alpv.org.br\/wp\/wp-json\/wp\/v2\/types\/post"}],"author":[{"embeddable":true,"href":"https:\/\/www.alpv.org.br\/wp\/wp-json\/wp\/v2\/users\/5"}],"replies":[{"embeddable":true,"href":"https:\/\/www.alpv.org.br\/wp\/wp-json\/wp\/v2\/comments?post=6801"}],"version-history":[{"count":0,"href":"https:\/\/www.alpv.org.br\/wp\/wp-json\/wp\/v2\/posts\/6801\/revisions"}],"wp:featuredmedia":[{"embeddable":true,"href":"https:\/\/www.alpv.org.br\/wp\/wp-json\/wp\/v2\/media\/6807"}],"wp:attachment":[{"href":"https:\/\/www.alpv.org.br\/wp\/wp-json\/wp\/v2\/media?parent=6801"}],"wp:term":[{"taxonomy":"category","embeddable":true,"href":"https:\/\/www.alpv.org.br\/wp\/wp-json\/wp\/v2\/categories?post=6801"},{"taxonomy":"post_tag","embeddable":true,"href":"https:\/\/www.alpv.org.br\/wp\/wp-json\/wp\/v2\/tags?post=6801"}],"curies":[{"name":"wp","href":"https:\/\/api.w.org\/{rel}","templated":true}]}}